{"id":12334,"date":"2024-11-21T07:40:24","date_gmt":"2024-11-21T07:40:24","guid":{"rendered":"https:\/\/roma.education\/ciprian-necula-phd\/"},"modified":"2025-02-25T12:31:18","modified_gmt":"2025-02-25T12:31:18","slug":"ciprian-necula-phd","status":"publish","type":"post","link":"https:\/\/roma.education\/ro\/ciprian-necula-phd\/","title":{"rendered":"Ciprian NECULA Pre\u0219edinte executiv"},"content":{"rendered":"\n<figure class=\"wp-block-image size-full is-resized\"><img loading=\"lazy\" decoding=\"async\" width=\"1707\" height=\"1707\" src=\"https:\/\/roma.education\/wp-content\/uploads\/2024\/02\/Cipria-Necula.jpg\" alt=\"\" class=\"wp-image-9322\" style=\"width:320px;height:auto\" srcset=\"https:\/\/roma.education\/wp-content\/uploads\/2024\/02\/Cipria-Necula.jpg 1707w, https:\/\/roma.education\/wp-content\/uploads\/2024\/02\/Cipria-Necula-300x300.jpg 300w, https:\/\/roma.education\/wp-content\/uploads\/2024\/02\/Cipria-Necula-1024x1024.jpg 1024w, https:\/\/roma.education\/wp-content\/uploads\/2024\/02\/Cipria-Necula-150x150.jpg 150w, https:\/\/roma.education\/wp-content\/uploads\/2024\/02\/Cipria-Necula-768x768.jpg 768w, https:\/\/roma.education\/wp-content\/uploads\/2024\/02\/Cipria-Necula-1536x1536.jpg 1536w\" sizes=\"auto, (max-width: 1707px) 100vw, 1707px\" \/><\/figure>\n\n<p>Timp de peste dou\u0103 decenii, Ciprian a activat \u00een calitate de activist rom, \u00eendeplinind diverse profesii \u0219i roluri publice pentru a promova o societate incluziv\u0103 \u0219i a diminua marginalizarea \u0219i excluderea romilor din Rom\u00e2nia. Cariera sa \u00een activism a \u00eenceput sub \u00eendrumarea \u0219i mentoratul lui Nicolae Gheorghe. <\/p>\n\n<p>Ciprian a de\u021binut diverse roluri, printre care jurnalist, lider de campanii publice, promotor de proiecte socio-economice, analist politic, co-fondator al unei \u00eentreprinderi sociale, lider al unui ONG pentru romi, consultant pentru organiza\u021bii interna\u021bionale \u0219i debater \u00een media public\u0103. Ca activist, a folosit strategii inovatoare pentru a combate stereotipurile \u0219i prejudec\u0103\u021bile \u00eempotriva romilor. <\/p>\n\n<p>De asemenea, a fost secretar de stat \u00een Ministerul Fondurilor Europene din Rom\u00e2nia \u0219i este membru fondator al Platformei Civice a Romilor, Aresel. \u00cen prezent, Dr. Necula coordoneaz\u0103 primul program european de masterat \u00een studii rome \u0219i pred\u0103 etnicitate \u0219i masculinitate la Universitatea SNSPA din Bucure\u0219ti. <\/p>\n","protected":false},"excerpt":{"rendered":"<p>Timp de peste dou\u0103 decenii, Ciprian a activat \u00een calitate de activist rom, \u00eendeplinind diverse profesii \u0219i roluri publice pentru a promova o societate incluziv\u0103 \u0219i a diminua marginalizarea \u0219i excluderea romilor din Rom\u00e2nia. Cariera sa \u00een activism a \u00eenceput sub \u00eendrumarea \u0219i mentoratul lui Nicolae Gheorghe. Ciprian a de\u021binut diverse roluri, printre care jurnalist, <a class=\"read-more-link\" href=\"https:\/\/roma.education\/ro\/ciprian-necula-phd\/\" title=\"Ciprian NECULA Pre\u0219edinte executiv\" rel=\"bookmark\" aria-label=\"[Cite\u0219te mai mult]\">[Cite\u0219te mai mult]<\/a><\/p>\n","protected":false},"author":1,"featured_media":9326,"comment_status":"closed","ping_status":"closed","sticky":false,"template":"","format":"standard","meta":{"_acf_changed":false,"footnotes":""},"categories":[198],"tags":[],"class_list":["post-12334","post","type-post","status-publish","format-standard","has-post-thumbnail","hentry","category-team"],"acf":[],"_links":{"self":[{"href":"https:\/\/roma.education\/ro\/wp-json\/wp\/v2\/posts\/12334","targetHints":{"allow":["GET"]}}],"collection":[{"href":"https:\/\/roma.education\/ro\/wp-json\/wp\/v2\/posts"}],"about":[{"href":"https:\/\/roma.education\/ro\/wp-json\/wp\/v2\/types\/post"}],"author":[{"embeddable":true,"href":"https:\/\/roma.education\/ro\/wp-json\/wp\/v2\/users\/1"}],"replies":[{"embeddable":true,"href":"https:\/\/roma.education\/ro\/wp-json\/wp\/v2\/comments?post=12334"}],"version-history":[{"count":1,"href":"https:\/\/roma.education\/ro\/wp-json\/wp\/v2\/posts\/12334\/revisions"}],"predecessor-version":[{"id":12335,"href":"https:\/\/roma.education\/ro\/wp-json\/wp\/v2\/posts\/12334\/revisions\/12335"}],"wp:featuredmedia":[{"embeddable":true,"href":"https:\/\/roma.education\/ro\/wp-json\/wp\/v2\/media\/9326"}],"wp:attachment":[{"href":"https:\/\/roma.education\/ro\/wp-json\/wp\/v2\/media?parent=12334"}],"wp:term":[{"taxonomy":"category","embeddable":true,"href":"https:\/\/roma.education\/ro\/wp-json\/wp\/v2\/categories?post=12334"},{"taxonomy":"post_tag","embeddable":true,"href":"https:\/\/roma.education\/ro\/wp-json\/wp\/v2\/tags?post=12334"}],"curies":[{"name":"wp","href":"https:\/\/api.w.org\/{rel}","templated":true}]}}