{"id":18544,"date":"2024-02-11T12:03:56","date_gmt":"2024-02-11T12:03:56","guid":{"rendered":"https:\/\/roma.education\/stanislava-dzurikova-chief-financial-officer-ref-slovakia\/"},"modified":"2025-05-19T13:20:41","modified_gmt":"2025-05-19T13:20:41","slug":"stanislava-dzurikova-chief-financial-officer-ref-slovakia","status":"publish","type":"post","link":"https:\/\/roma.education\/ro\/stanislava-dzurikova-chief-financial-officer-ref-slovakia\/","title":{"rendered":"Stanislava Dzurikova, director financiar | REF Slovacia"},"content":{"rendered":"\n<figure class=\"wp-block-image size-full is-resized\"><img loading=\"lazy\" decoding=\"async\" width=\"1024\" height=\"683\" src=\"https:\/\/roma.education\/wp-content\/uploads\/2025\/02\/Stanislava.jpg\" alt=\"\" class=\"wp-image-11647\" style=\"width:526px;height:auto\" srcset=\"https:\/\/roma.education\/wp-content\/uploads\/2025\/02\/Stanislava.jpg 1024w, https:\/\/roma.education\/wp-content\/uploads\/2025\/02\/Stanislava-300x200.jpg 300w, https:\/\/roma.education\/wp-content\/uploads\/2025\/02\/Stanislava-768x512.jpg 768w\" sizes=\"auto, (max-width: 1024px) 100vw, 1024px\" \/><\/figure>\n\n<p>Stanislava Dzurikova s-a al\u0103turat Roma Education Fund (REF) \u00een 2014 \u0219i a ocupat func\u021bia de manager de \u021bar\u0103 p\u00e2n\u0103 \u00een 2024. \u00cen rolul s\u0103u de reprezentant statutar al REF Slovacia, ea a fost responsabil\u0103 de supravegherea opera\u021biunilor generale ale organiza\u021biei \u00een \u021bar\u0103.<br\/>\u00cen august 2024, ea a trecut la rolul de manager financiar \u0219i administrativ la REF Slovacia.<br\/>Stanislava are o preg\u0103tire \u00een economie. \u00cenainte de a se al\u0103tura REF, a lucrat la Open Society Foundation Slovakia \u00een calitate de coordonator \u0219i manager de granturi \u0219i proiecte.  <\/p>\n","protected":false},"excerpt":{"rendered":"<p>Stanislava Dzurikova s-a al\u0103turat Roma Education Fund (REF) \u00een 2014 \u0219i a ocupat func\u021bia de manager de \u021bar\u0103 p\u00e2n\u0103 \u00een 2024. \u00cen rolul s\u0103u de reprezentant statutar al REF Slovacia, ea a fost responsabil\u0103 de supravegherea opera\u021biunilor generale ale organiza\u021biei \u00een \u021bar\u0103.\u00cen august 2024, ea a trecut la rolul de manager financiar \u0219i administrativ la <a class=\"read-more-link\" href=\"https:\/\/roma.education\/ro\/stanislava-dzurikova-chief-financial-officer-ref-slovakia\/\" title=\"Stanislava Dzurikova, director financiar | REF Slovacia\" rel=\"bookmark\" aria-label=\"[Cite\u0219te mai mult]\">[Cite\u0219te mai mult]<\/a><\/p>\n","protected":false},"author":9,"featured_media":11651,"comment_status":"closed","ping_status":"closed","sticky":false,"template":"","format":"standard","meta":{"_acf_changed":false,"footnotes":""},"categories":[198],"tags":[],"class_list":["post-18544","post","type-post","status-publish","format-standard","has-post-thumbnail","hentry","category-team"],"acf":[],"_links":{"self":[{"href":"https:\/\/roma.education\/ro\/wp-json\/wp\/v2\/posts\/18544","targetHints":{"allow":["GET"]}}],"collection":[{"href":"https:\/\/roma.education\/ro\/wp-json\/wp\/v2\/posts"}],"about":[{"href":"https:\/\/roma.education\/ro\/wp-json\/wp\/v2\/types\/post"}],"author":[{"embeddable":true,"href":"https:\/\/roma.education\/ro\/wp-json\/wp\/v2\/users\/9"}],"replies":[{"embeddable":true,"href":"https:\/\/roma.education\/ro\/wp-json\/wp\/v2\/comments?post=18544"}],"version-history":[{"count":1,"href":"https:\/\/roma.education\/ro\/wp-json\/wp\/v2\/posts\/18544\/revisions"}],"predecessor-version":[{"id":18546,"href":"https:\/\/roma.education\/ro\/wp-json\/wp\/v2\/posts\/18544\/revisions\/18546"}],"wp:featuredmedia":[{"embeddable":true,"href":"https:\/\/roma.education\/ro\/wp-json\/wp\/v2\/media\/11651"}],"wp:attachment":[{"href":"https:\/\/roma.education\/ro\/wp-json\/wp\/v2\/media?parent=18544"}],"wp:term":[{"taxonomy":"category","embeddable":true,"href":"https:\/\/roma.education\/ro\/wp-json\/wp\/v2\/categories?post=18544"},{"taxonomy":"post_tag","embeddable":true,"href":"https:\/\/roma.education\/ro\/wp-json\/wp\/v2\/tags?post=18544"}],"curies":[{"name":"wp","href":"https:\/\/api.w.org\/{rel}","templated":true}]}}