{"id":18591,"date":"2024-02-12T13:58:36","date_gmt":"2024-02-12T13:58:36","guid":{"rendered":"https:\/\/roma.education\/valentin-negoi-archivist-ref-romania\/"},"modified":"2025-05-19T13:20:48","modified_gmt":"2025-05-19T13:20:48","slug":"valentin-negoi-archivist-ref-romania","status":"publish","type":"post","link":"https:\/\/roma.education\/ro\/valentin-negoi-archivist-ref-romania\/","title":{"rendered":"Valentin NEGOI, Arhivist | REF Rom\u00e2nia"},"content":{"rendered":"\n<figure class=\"wp-block-image size-large is-resized\"><img loading=\"lazy\" decoding=\"async\" width=\"728\" height=\"1024\" src=\"https:\/\/roma.education\/wp-content\/uploads\/2025\/02\/Negoi-Studio-728x1024.jpg\" alt=\"\" class=\"wp-image-11754\" style=\"width:498px;height:auto\" srcset=\"https:\/\/roma.education\/wp-content\/uploads\/2025\/02\/Negoi-Studio-728x1024.jpg 728w, https:\/\/roma.education\/wp-content\/uploads\/2025\/02\/Negoi-Studio-213x300.jpg 213w, https:\/\/roma.education\/wp-content\/uploads\/2025\/02\/Negoi-Studio-768x1081.jpg 768w, https:\/\/roma.education\/wp-content\/uploads\/2025\/02\/Negoi-Studio-1091x1536.jpg 1091w, https:\/\/roma.education\/wp-content\/uploads\/2025\/02\/Negoi-Studio-1455x2048.jpg 1455w, https:\/\/roma.education\/wp-content\/uploads\/2025\/02\/Negoi-Studio-scaled.jpg 1819w\" sizes=\"auto, (max-width: 728px) 100vw, 728px\" \/><\/figure>\n\n<p>Ioan Valentin Negoi \u0219i-a ob\u021binut doctoratul \u00een istorie la Universitatea Valahia din T\u00e2rgovi\u0219te, Rom\u00e2nia, \u00een 2021. Teza sa de doctorat, &#8220;Deportarea romilor din Muntenia \u00een Transnistria \u00een perioada 1942-1944&#8221;, a fost publicat\u0103 \u00een 2023. Valentin este bibliotecar\/arhivist la Roma Education Fund \u0219i g\u0103zduie\u0219te programele educa\u021bionale RomStoria \u0219i Interviurile RomStoria, disponibile pe <a href=\"https:\/\/www.youtube.com\/feed\/you\">canalul YouTube dedicat .<\/a>  <\/p>\n\n<p>A absolvit Facultatea de \u0218tiin\u021be Umaniste cu specializarea Istorie din cadrul Universit\u0103\u021bii Valahia din T\u00e2rgovi\u0219te \u0219i a urmat un program de master \u00een &#8220;Unitatea Istoriei Europene&#8221; la aceea\u0219i institu\u021bie. \u00cen prezent, este cadru didactic \u00een \u00eenv\u0103\u021b\u0103m\u00e2ntul preuniversitar \u0219i, totodat\u0103, profesor asociat \u00een cadrul programului de masterat Studii despre romi la Universitatea SNSPA. <\/p>\n","protected":false},"excerpt":{"rendered":"<p>Ioan Valentin Negoi \u0219i-a ob\u021binut doctoratul \u00een istorie la Universitatea Valahia din T\u00e2rgovi\u0219te, Rom\u00e2nia, \u00een 2021. Teza sa de doctorat, &#8220;Deportarea romilor din Muntenia \u00een Transnistria \u00een perioada 1942-1944&#8221;, a fost publicat\u0103 \u00een 2023. Valentin este bibliotecar\/arhivist la Roma Education Fund \u0219i g\u0103zduie\u0219te programele educa\u021bionale RomStoria \u0219i Interviurile RomStoria, disponibile pe canalul YouTube dedicat . <a class=\"read-more-link\" href=\"https:\/\/roma.education\/ro\/valentin-negoi-archivist-ref-romania\/\" title=\"Valentin NEGOI, Arhivist | REF Rom\u00e2nia\" rel=\"bookmark\" aria-label=\"[Cite\u0219te mai mult]\">[Cite\u0219te mai mult]<\/a><\/p>\n","protected":false},"author":9,"featured_media":11758,"comment_status":"closed","ping_status":"closed","sticky":false,"template":"","format":"standard","meta":{"_acf_changed":false,"footnotes":""},"categories":[198],"tags":[],"class_list":["post-18591","post","type-post","status-publish","format-standard","has-post-thumbnail","hentry","category-team"],"acf":[],"_links":{"self":[{"href":"https:\/\/roma.education\/ro\/wp-json\/wp\/v2\/posts\/18591","targetHints":{"allow":["GET"]}}],"collection":[{"href":"https:\/\/roma.education\/ro\/wp-json\/wp\/v2\/posts"}],"about":[{"href":"https:\/\/roma.education\/ro\/wp-json\/wp\/v2\/types\/post"}],"author":[{"embeddable":true,"href":"https:\/\/roma.education\/ro\/wp-json\/wp\/v2\/users\/9"}],"replies":[{"embeddable":true,"href":"https:\/\/roma.education\/ro\/wp-json\/wp\/v2\/comments?post=18591"}],"version-history":[{"count":1,"href":"https:\/\/roma.education\/ro\/wp-json\/wp\/v2\/posts\/18591\/revisions"}],"predecessor-version":[{"id":18592,"href":"https:\/\/roma.education\/ro\/wp-json\/wp\/v2\/posts\/18591\/revisions\/18592"}],"wp:featuredmedia":[{"embeddable":true,"href":"https:\/\/roma.education\/ro\/wp-json\/wp\/v2\/media\/11758"}],"wp:attachment":[{"href":"https:\/\/roma.education\/ro\/wp-json\/wp\/v2\/media?parent=18591"}],"wp:term":[{"taxonomy":"category","embeddable":true,"href":"https:\/\/roma.education\/ro\/wp-json\/wp\/v2\/categories?post=18591"},{"taxonomy":"post_tag","embeddable":true,"href":"https:\/\/roma.education\/ro\/wp-json\/wp\/v2\/tags?post=18591"}],"curies":[{"name":"wp","href":"https:\/\/api.w.org\/{rel}","templated":true}]}}