{"id":18607,"date":"2024-02-27T12:34:23","date_gmt":"2024-02-27T12:34:23","guid":{"rendered":"https:\/\/roma.education\/gabriel-zorila-communication-officer-ref-network\/"},"modified":"2025-09-10T13:00:06","modified_gmt":"2025-09-10T13:00:06","slug":"gabriel-zorila-communication-officer-ref-network","status":"publish","type":"post","link":"https:\/\/roma.education\/ro\/gabriel-zorila-communication-officer-ref-network\/","title":{"rendered":"Gabriel ZORIL\u0102, ofi\u021ber de comunicare | REF Rom\u00e2nia"},"content":{"rendered":"\n<div class=\"wp-block-media-text is-stacked-on-mobile\"><figure class=\"wp-block-media-text__media\"><img loading=\"lazy\" decoding=\"async\" width=\"819\" height=\"1024\" src=\"https:\/\/roma.education\/wp-content\/uploads\/2025\/02\/Zorila_SITE-819x1024.jpg\" alt=\"\" class=\"wp-image-11722 size-full\" srcset=\"https:\/\/roma.education\/wp-content\/uploads\/2025\/02\/Zorila_SITE-819x1024.jpg 819w, https:\/\/roma.education\/wp-content\/uploads\/2025\/02\/Zorila_SITE-240x300.jpg 240w, https:\/\/roma.education\/wp-content\/uploads\/2025\/02\/Zorila_SITE-768x960.jpg 768w, https:\/\/roma.education\/wp-content\/uploads\/2025\/02\/Zorila_SITE.jpg 1080w\" sizes=\"auto, (max-width: 819px) 100vw, 819px\" \/><\/figure><div class=\"wp-block-media-text__content\">\n<p><\/p>\n\n\n\n<p>Gabriel Zoril\u0103 este un purt\u0103tor de cuv\u00e2nt dinamic pentru REF Rom\u00e2nia, fiind ofi\u021ber de comunicare \u0219i gazda carismatic\u0103 a proiectelor de social media precum &#8220;Starea Romilor&#8221; \u0219i &#8220;Pove\u0219ti care Inspir\u0103&#8221;. Pasionat de promovarea ini\u021biativelor educa\u021bionale \u0219i de cre\u0219terea gradului de con\u0219tientizare cu privire la comunit\u0103\u021bile de romi, Gabriel a jucat un rol esen\u021bial \u00een diverse proiecte menite s\u0103 \u00eembun\u0103t\u0103\u021beasc\u0103 accesul la educa\u021bie de calitate pentru grupurile defavorizate. Expertiza sa \u00een comunicarea strategic\u0103 \u0219i crearea de con\u021binut asigur\u0103 c\u0103 mesajul funda\u021biei rezoneaz\u0103 cu un public larg, av\u00e2nd un impact semnificativ. Gabriel Zoril\u0103 este, de asemenea, un somelier renumit, condus de pasiunea sa profund\u0103 pentru vin.   <\/p>\n<\/div><\/div>\n\n<p><\/p>\n\n<p><\/p>\n","protected":false},"excerpt":{"rendered":"<p>Gabriel Zoril\u0103 este un purt\u0103tor de cuv\u00e2nt dinamic pentru REF Rom\u00e2nia, fiind ofi\u021ber de comunicare \u0219i gazda carismatic\u0103 a proiectelor de social media precum &#8220;Starea Romilor&#8221; \u0219i &#8220;Pove\u0219ti care Inspir\u0103&#8221;. Pasionat de promovarea ini\u021biativelor educa\u021bionale \u0219i de cre\u0219terea gradului de con\u0219tientizare cu privire la comunit\u0103\u021bile de romi, Gabriel a jucat un rol esen\u021bial \u00een diverse <a class=\"read-more-link\" href=\"https:\/\/roma.education\/ro\/gabriel-zorila-communication-officer-ref-network\/\" title=\"Gabriel ZORIL\u0102, ofi\u021ber de comunicare | REF Rom\u00e2nia\" rel=\"bookmark\" aria-label=\"[Cite\u0219te mai mult]\">[Cite\u0219te mai mult]<\/a><\/p>\n","protected":false},"author":9,"featured_media":11726,"comment_status":"closed","ping_status":"closed","sticky":false,"template":"","format":"standard","meta":{"_acf_changed":false,"footnotes":""},"categories":[198],"tags":[],"class_list":["post-18607","post","type-post","status-publish","format-standard","has-post-thumbnail","hentry","category-team"],"acf":[],"_links":{"self":[{"href":"https:\/\/roma.education\/ro\/wp-json\/wp\/v2\/posts\/18607","targetHints":{"allow":["GET"]}}],"collection":[{"href":"https:\/\/roma.education\/ro\/wp-json\/wp\/v2\/posts"}],"about":[{"href":"https:\/\/roma.education\/ro\/wp-json\/wp\/v2\/types\/post"}],"author":[{"embeddable":true,"href":"https:\/\/roma.education\/ro\/wp-json\/wp\/v2\/users\/9"}],"replies":[{"embeddable":true,"href":"https:\/\/roma.education\/ro\/wp-json\/wp\/v2\/comments?post=18607"}],"version-history":[{"count":2,"href":"https:\/\/roma.education\/ro\/wp-json\/wp\/v2\/posts\/18607\/revisions"}],"predecessor-version":[{"id":20488,"href":"https:\/\/roma.education\/ro\/wp-json\/wp\/v2\/posts\/18607\/revisions\/20488"}],"wp:featuredmedia":[{"embeddable":true,"href":"https:\/\/roma.education\/ro\/wp-json\/wp\/v2\/media\/11726"}],"wp:attachment":[{"href":"https:\/\/roma.education\/ro\/wp-json\/wp\/v2\/media?parent=18607"}],"wp:term":[{"taxonomy":"category","embeddable":true,"href":"https:\/\/roma.education\/ro\/wp-json\/wp\/v2\/categories?post=18607"},{"taxonomy":"post_tag","embeddable":true,"href":"https:\/\/roma.education\/ro\/wp-json\/wp\/v2\/tags?post=18607"}],"curies":[{"name":"wp","href":"https:\/\/api.w.org\/{rel}","templated":true}]}}