{"id":18681,"date":"2024-07-29T16:08:05","date_gmt":"2024-07-29T16:08:05","guid":{"rendered":"https:\/\/roma.education\/adi-sinani-project-manager-ref-serbia\/"},"modified":"2025-12-03T13:27:56","modified_gmt":"2025-12-03T13:27:56","slug":"adi-sinani-project-manager-ref-serbia","status":"publish","type":"post","link":"https:\/\/roma.education\/ro\/adi-sinani-project-manager-ref-serbia\/","title":{"rendered":"Adi SINANI, Manager de proiect | REF Serbia"},"content":{"rendered":"\n<figure class=\"wp-block-image size-large is-resized\"><img loading=\"lazy\" decoding=\"async\" width=\"992\" height=\"1024\" src=\"https:\/\/roma.education\/wp-content\/uploads\/2025\/02\/12Adi-Sinani-992x1024.jpg\" alt=\"\" class=\"wp-image-11609\" style=\"width:571px;height:auto\" srcset=\"https:\/\/roma.education\/wp-content\/uploads\/2025\/02\/12Adi-Sinani-992x1024.jpg 992w, https:\/\/roma.education\/wp-content\/uploads\/2025\/02\/12Adi-Sinani-291x300.jpg 291w, https:\/\/roma.education\/wp-content\/uploads\/2025\/02\/12Adi-Sinani-768x792.jpg 768w, https:\/\/roma.education\/wp-content\/uploads\/2025\/02\/12Adi-Sinani.jpg 1197w\" sizes=\"auto, (max-width: 992px) 100vw, 992px\" \/><\/figure>\n\n<p>Adi Sinani are peste 15 ani de experien\u021b\u0103 profesional\u0103 \u00een colaborarea cu diferite agen\u021bii guvernamentale \u0219i interna\u021bionale \u00een domeniul statului de drept, dezvolt\u0103rii durabile, minorit\u0103\u021bilor na\u021bionale \u0219i elabor\u0103rii de politici. Competen\u021bele sale acoper\u0103 conducerea strategic\u0103, gestionarea proiectelor complexe, conducerea echipelor, promovarea \u0219i dezvoltarea de programe, educa\u021bia anticorup\u021bie, prevenirea conflictelor, implicarea p\u0103r\u021bilor interesate \u0219i raportarea cuprinz\u0103toare. A primit titlul de absolvent \u00een management \u0219i studii juridice la Facultatea de Drept a Universit\u0103\u021bii Nikola Tesla din Belgrad, unde a absolvit \u0219i programul de master: Securitate interna\u021bional\u0103 \u0219i studii juridice la Universitatea din Megatrend Facultatea de Drept. \u00cen prezent, este implicat \u00een programul de master de la Universitatea Ludovika de Servicii Publice \u00een domeniul justi\u021biei digitale \u0219i al IA.   <\/p>\n\n<ol class=\"wp-block-list\">\n<li><\/li>\n<\/ol>\n\n<p>\u0218i-a \u00eenceput cariera la Misiunea OSCE \u00een Serbia, \u00een cadrul Departamentului pentru Democratizare, \u00een 2006. \u00cen timpul activit\u0103\u021bii sale la OSCE, a fost premiat de OSCE SPMU \u0219i HCNM pentru unul dintre cele mai bune proiecte de incluziune a minorit\u0103\u021bilor din zona OSCE. \u00cen 2014, a fost angajat de Ap\u0103r\u0103torii suedezi ai drepturilor civile \u00eentr-un program de egalitate de \u0219anse \u0219i a analizat \u00eenc\u0103lc\u0103rile drepturilor omului \u00een regiunea BM.  <\/p>\n","protected":false},"excerpt":{"rendered":"<p>Adi Sinani are peste 15 ani de experien\u021b\u0103 profesional\u0103 \u00een colaborarea cu diferite agen\u021bii guvernamentale \u0219i interna\u021bionale \u00een domeniul statului de drept, dezvolt\u0103rii durabile, minorit\u0103\u021bilor na\u021bionale \u0219i elabor\u0103rii de politici. Competen\u021bele sale acoper\u0103 conducerea strategic\u0103, gestionarea proiectelor complexe, conducerea echipelor, promovarea \u0219i dezvoltarea de programe, educa\u021bia anticorup\u021bie, prevenirea conflictelor, implicarea p\u0103r\u021bilor interesate \u0219i raportarea cuprinz\u0103toare. <a class=\"read-more-link\" href=\"https:\/\/roma.education\/ro\/adi-sinani-project-manager-ref-serbia\/\" title=\"Adi SINANI, Manager de proiect | REF Serbia\" rel=\"bookmark\" aria-label=\"[Cite\u0219te mai mult]\">[Cite\u0219te mai mult]<\/a><\/p>\n","protected":false},"author":9,"featured_media":11613,"comment_status":"closed","ping_status":"closed","sticky":false,"template":"","format":"standard","meta":{"_acf_changed":false,"footnotes":""},"categories":[198],"tags":[],"class_list":["post-18681","post","type-post","status-publish","format-standard","has-post-thumbnail","hentry","category-team"],"acf":[],"_links":{"self":[{"href":"https:\/\/roma.education\/ro\/wp-json\/wp\/v2\/posts\/18681","targetHints":{"allow":["GET"]}}],"collection":[{"href":"https:\/\/roma.education\/ro\/wp-json\/wp\/v2\/posts"}],"about":[{"href":"https:\/\/roma.education\/ro\/wp-json\/wp\/v2\/types\/post"}],"author":[{"embeddable":true,"href":"https:\/\/roma.education\/ro\/wp-json\/wp\/v2\/users\/9"}],"replies":[{"embeddable":true,"href":"https:\/\/roma.education\/ro\/wp-json\/wp\/v2\/comments?post=18681"}],"version-history":[{"count":2,"href":"https:\/\/roma.education\/ro\/wp-json\/wp\/v2\/posts\/18681\/revisions"}],"predecessor-version":[{"id":22135,"href":"https:\/\/roma.education\/ro\/wp-json\/wp\/v2\/posts\/18681\/revisions\/22135"}],"wp:featuredmedia":[{"embeddable":true,"href":"https:\/\/roma.education\/ro\/wp-json\/wp\/v2\/media\/11613"}],"wp:attachment":[{"href":"https:\/\/roma.education\/ro\/wp-json\/wp\/v2\/media?parent=18681"}],"wp:term":[{"taxonomy":"category","embeddable":true,"href":"https:\/\/roma.education\/ro\/wp-json\/wp\/v2\/categories?post=18681"},{"taxonomy":"post_tag","embeddable":true,"href":"https:\/\/roma.education\/ro\/wp-json\/wp\/v2\/tags?post=18681"}],"curies":[{"name":"wp","href":"https:\/\/api.w.org\/{rel}","templated":true}]}}