{"id":6499,"date":"2024-02-11T16:08:00","date_gmt":"2024-02-11T16:08:00","guid":{"rendered":"https:\/\/roma.education\/?p=6499"},"modified":"2025-05-19T13:20:44","modified_gmt":"2025-05-19T13:20:44","slug":"amalia-florenta-florea","status":"publish","type":"post","link":"https:\/\/roma.education\/ro\/amalia-florenta-florea\/","title":{"rendered":"Amalia-Floren\u021ba Florea, Coordonator de \u021bar\u0103 | REF Rom\u00e2nia"},"content":{"rendered":"\n<figure class=\"wp-block-image article__photo article__photo--person\"><img decoding=\"async\" src=\"https:\/\/roma.education\/wp-content\/uploads\/2016\/06\/amalia-florea-2-e1568712576686.jpg\" alt=\"\" class=\"wp-image-6500\"\/><\/figure>\n\n<p>Amalia este licen\u021biat\u0103 \u00een Sociologie la Universitatea Bucure\u0219ti \u0219i are o pasiune profund\u0103 pentru educa\u021bie \u0219i impact social. Din 2015, lucreaz\u0103 cu Roma Education Fund, \u00eendeplinind diverse roluri \u00een diferite proiecte. \u00cen prezent, ea este coordonator de \u021bar\u0103 pentru REF Alumni Network, unde sprijin\u0103 studen\u021bii \u0219i absolven\u021bii \u00een demersurile lor academice. \u00cen plus, este expert al programului Second Chance, lucr\u00e2nd al\u0103turi de profesori pentru a \u00eembun\u0103t\u0103\u021bi oportunit\u0103\u021bile educa\u021bionale.   <\/p>\n","protected":false},"excerpt":{"rendered":"<p>Coordonator Na\u021bional RMUSP<\/p>\n","protected":false},"author":1,"featured_media":3182,"comment_status":"closed","ping_status":"open","sticky":false,"template":"","format":"standard","meta":{"_acf_changed":false,"footnotes":""},"categories":[198],"tags":[],"class_list":["post-6499","post","type-post","status-publish","format-standard","has-post-thumbnail","hentry","category-team"],"acf":[],"_links":{"self":[{"href":"https:\/\/roma.education\/ro\/wp-json\/wp\/v2\/posts\/6499","targetHints":{"allow":["GET"]}}],"collection":[{"href":"https:\/\/roma.education\/ro\/wp-json\/wp\/v2\/posts"}],"about":[{"href":"https:\/\/roma.education\/ro\/wp-json\/wp\/v2\/types\/post"}],"author":[{"embeddable":true,"href":"https:\/\/roma.education\/ro\/wp-json\/wp\/v2\/users\/1"}],"replies":[{"embeddable":true,"href":"https:\/\/roma.education\/ro\/wp-json\/wp\/v2\/comments?post=6499"}],"version-history":[{"count":5,"href":"https:\/\/roma.education\/ro\/wp-json\/wp\/v2\/posts\/6499\/revisions"}],"predecessor-version":[{"id":18570,"href":"https:\/\/roma.education\/ro\/wp-json\/wp\/v2\/posts\/6499\/revisions\/18570"}],"wp:featuredmedia":[{"embeddable":true,"href":"https:\/\/roma.education\/ro\/wp-json\/wp\/v2\/media\/3182"}],"wp:attachment":[{"href":"https:\/\/roma.education\/ro\/wp-json\/wp\/v2\/media?parent=6499"}],"wp:term":[{"taxonomy":"category","embeddable":true,"href":"https:\/\/roma.education\/ro\/wp-json\/wp\/v2\/categories?post=6499"},{"taxonomy":"post_tag","embeddable":true,"href":"https:\/\/roma.education\/ro\/wp-json\/wp\/v2\/tags?post=6499"}],"curies":[{"name":"wp","href":"https:\/\/api.w.org\/{rel}","templated":true}]}}