{"id":7561,"date":"2024-02-14T13:18:10","date_gmt":"2024-02-14T13:18:10","guid":{"rendered":"https:\/\/roma.education\/luiza-medeleanu\/"},"modified":"2025-05-19T13:20:53","modified_gmt":"2025-05-19T13:20:53","slug":"luiza-medeleanu","status":"publish","type":"post","link":"https:\/\/roma.education\/ro\/luiza-medeleanu\/","title":{"rendered":"Luiza Medeleanu, Expert Educa\u021bional Interculturalitate | REF Rom\u00e2nia"},"content":{"rendered":"\n<figure class=\"wp-block-image article__photo article__photo--person\"><img loading=\"lazy\" decoding=\"async\" width=\"533\" height=\"400\" src=\"https:\/\/roma.education\/wp-content\/uploads\/2024\/02\/Luiza-Medeleanu-edited.jpg\" alt=\"\" class=\"wp-image-7536\" srcset=\"https:\/\/roma.education\/wp-content\/uploads\/2024\/02\/Luiza-Medeleanu-edited.jpg 533w, https:\/\/roma.education\/wp-content\/uploads\/2024\/02\/Luiza-Medeleanu-edited-300x225.jpg 300w\" sizes=\"auto, (max-width: 533px) 100vw, 533px\" \/><\/figure>\n\n<p>Expert educa\u021bional \u00een interculturalitate<\/p>\n\n<p>Este doctorand\u0103 \u00een Studii Culturale la \u0218coala Doctoral\u0103 Multidisciplinar\u0103 &#8220;Spa\u021biu, Imagine, Text, Teritoriu&#8221; din cadrul Centrului de Excelen\u021b\u0103 \u00een Studiul Imaginii (CESI), Facultatea de Litere, Universitatea din Bucure\u0219ti. Teza sa de doctorat, intitulat\u0103 &#8220;Imaginea romilor \u00een cinematografia \u0219i produc\u021biile media culturale: Etic\u0103 a fic\u021bionalit\u0103\u021bii \u0219i identitate cultural\u0103&#8221;, se afl\u0103 sub \u00eendrumarea profesorului Caius Dobrescu. <\/p>\n\n<ol class=\"wp-block-list\">\n<li><\/li>\n<\/ol>\n\n<p>\u00cen parcursul s\u0103u academic, Luiza este licen\u021biat\u0103 a Facult\u0103\u021bii de Filosofie \u0219i a Facult\u0103\u021bii de Limbi \u0219i Literaturi Str\u0103ine, cu specializare la sec\u021bia rom\u00e2no-englez\u0103. \u0218i-a continuat parcursul academic cu un master \u00een Filosofie la Universitatea din Bucure\u0219ti \u0219i un altul \u00een Antropologie la SNSPA. <\/p>\n\n<p>Cu un angajament \u00een domeniul neguvernamental al romilor de peste 10 ani, Luiza a fost implicat\u0103 activ \u00een coordonarea activit\u0103\u021bilor educa\u021bionale cu o tem\u0103 rom\u0103 \u0219i un accent intercultural. \u00cen acela\u0219i timp, ea contribuie la dezvoltarea metodologiilor de formare intercultural\u0103 destinate profesorilor, copiilor \u0219i p\u0103rin\u021bilor. Dedicarea Luizei acoper\u0103 at\u00e2t cercetarea academic\u0103, c\u00e2t \u0219i contribu\u021biile practice la promovarea \u00een\u021belegerii \u0219i incluziunii.  <\/p>\n","protected":false},"excerpt":{"rendered":"<p>Expert educa\u021bional \u00een interculturalitate<\/p>\n","protected":false},"author":1,"featured_media":7532,"comment_status":"closed","ping_status":"closed","sticky":false,"template":"","format":"standard","meta":{"_acf_changed":false,"footnotes":""},"categories":[198],"tags":[],"class_list":["post-7561","post","type-post","status-publish","format-standard","has-post-thumbnail","hentry","category-team"],"acf":[],"_links":{"self":[{"href":"https:\/\/roma.education\/ro\/wp-json\/wp\/v2\/posts\/7561","targetHints":{"allow":["GET"]}}],"collection":[{"href":"https:\/\/roma.education\/ro\/wp-json\/wp\/v2\/posts"}],"about":[{"href":"https:\/\/roma.education\/ro\/wp-json\/wp\/v2\/types\/post"}],"author":[{"embeddable":true,"href":"https:\/\/roma.education\/ro\/wp-json\/wp\/v2\/users\/1"}],"replies":[{"embeddable":true,"href":"https:\/\/roma.education\/ro\/wp-json\/wp\/v2\/comments?post=7561"}],"version-history":[{"count":8,"href":"https:\/\/roma.education\/ro\/wp-json\/wp\/v2\/posts\/7561\/revisions"}],"predecessor-version":[{"id":18614,"href":"https:\/\/roma.education\/ro\/wp-json\/wp\/v2\/posts\/7561\/revisions\/18614"}],"wp:featuredmedia":[{"embeddable":true,"href":"https:\/\/roma.education\/ro\/wp-json\/wp\/v2\/media\/7532"}],"wp:attachment":[{"href":"https:\/\/roma.education\/ro\/wp-json\/wp\/v2\/media?parent=7561"}],"wp:term":[{"taxonomy":"category","embeddable":true,"href":"https:\/\/roma.education\/ro\/wp-json\/wp\/v2\/categories?post=7561"},{"taxonomy":"post_tag","embeddable":true,"href":"https:\/\/roma.education\/ro\/wp-json\/wp\/v2\/tags?post=7561"}],"curies":[{"name":"wp","href":"https:\/\/api.w.org\/{rel}","templated":true}]}}