{"id":7562,"date":"2024-07-30T13:04:43","date_gmt":"2024-07-30T13:04:43","guid":{"rendered":"https:\/\/roma.education\/monica-calin\/"},"modified":"2025-05-19T13:20:57","modified_gmt":"2025-05-19T13:20:57","slug":"monica-calin","status":"publish","type":"post","link":"https:\/\/roma.education\/ro\/monica-calin\/","title":{"rendered":"Monica C\u0102LIN, Director Programe REF Rom\u00e2nia"},"content":{"rendered":"\n<figure class=\"wp-block-image size-full article__photo article__photo--person\"><img loading=\"lazy\" decoding=\"async\" width=\"648\" height=\"486\" src=\"https:\/\/roma.education\/wp-content\/uploads\/2024\/02\/team4-edited.jpg\" alt=\"\" class=\"wp-image-7519\" srcset=\"https:\/\/roma.education\/wp-content\/uploads\/2024\/02\/team4-edited.jpg 648w, https:\/\/roma.education\/wp-content\/uploads\/2024\/02\/team4-edited-300x225.jpg 300w\" sizes=\"auto, (max-width: 648px) 100vw, 648px\" \/><\/figure>\n\n<p>Monica are o bogat\u0103 experien\u021b\u0103 profesional\u0103 de peste 14 ani, axat\u0103 pe gestionarea \u0219i punerea \u00een aplicare a programelor educa\u021bionale dedicate reducerii abandonului \u0219colar timpuriu \u0219i promov\u0103rii unui mediu mai incluziv pentru copiii romi. \u00cen plus, expertiza sa se extinde la dezvoltarea comunit\u0103\u021bii \u0219i la ini\u021biativele de mobilizare menite s\u0103 consolideze capacitatea institu\u021bional\u0103 \u0219i s\u0103 promoveze parteneriate pentru a \u00eembun\u0103t\u0103\u021bi starea general\u0103 \u0219i percep\u021bia comunit\u0103\u021bii rome.<br\/>Monica este absolvent\u0103 a Facult\u0103\u021bii de Asisten\u021b\u0103 Social\u0103 \u0219i \u0219i-a consolidat calific\u0103rile cu un masterat \u00een politici publice \u00een domeniul asisten\u021bei sociale. \u00cen special, ea a fost coordonator al programelor de dezvoltare comunitar\u0103 \u0219i de responsabilizare a comunit\u0103\u021bilor de romi la nivelul jude\u021bului Bihor. Conducerea sa a inclus, de asemenea, coordonarea unui forum al tinerilor romi, demonstr\u00e2nd angajamentul s\u0103u de a promova implicarea comunit\u0103\u021bii.   <\/p>\n","protected":false},"excerpt":{"rendered":"<p>Expert Educa\u021bie<\/p>\n","protected":false},"author":1,"featured_media":7511,"comment_status":"closed","ping_status":"closed","sticky":false,"template":"","format":"standard","meta":{"_acf_changed":false,"footnotes":""},"categories":[198],"tags":[],"class_list":["post-7562","post","type-post","status-publish","format-standard","has-post-thumbnail","hentry","category-team"],"acf":[],"_links":{"self":[{"href":"https:\/\/roma.education\/ro\/wp-json\/wp\/v2\/posts\/7562","targetHints":{"allow":["GET"]}}],"collection":[{"href":"https:\/\/roma.education\/ro\/wp-json\/wp\/v2\/posts"}],"about":[{"href":"https:\/\/roma.education\/ro\/wp-json\/wp\/v2\/types\/post"}],"author":[{"embeddable":true,"href":"https:\/\/roma.education\/ro\/wp-json\/wp\/v2\/users\/1"}],"replies":[{"embeddable":true,"href":"https:\/\/roma.education\/ro\/wp-json\/wp\/v2\/comments?post=7562"}],"version-history":[{"count":8,"href":"https:\/\/roma.education\/ro\/wp-json\/wp\/v2\/posts\/7562\/revisions"}],"predecessor-version":[{"id":18638,"href":"https:\/\/roma.education\/ro\/wp-json\/wp\/v2\/posts\/7562\/revisions\/18638"}],"wp:featuredmedia":[{"embeddable":true,"href":"https:\/\/roma.education\/ro\/wp-json\/wp\/v2\/media\/7511"}],"wp:attachment":[{"href":"https:\/\/roma.education\/ro\/wp-json\/wp\/v2\/media?parent=7562"}],"wp:term":[{"taxonomy":"category","embeddable":true,"href":"https:\/\/roma.education\/ro\/wp-json\/wp\/v2\/categories?post=7562"},{"taxonomy":"post_tag","embeddable":true,"href":"https:\/\/roma.education\/ro\/wp-json\/wp\/v2\/tags?post=7562"}],"curies":[{"name":"wp","href":"https:\/\/api.w.org\/{rel}","templated":true}]}}