{"id":18654,"date":"2024-09-01T13:23:00","date_gmt":"2024-09-01T13:23:00","guid":{"rendered":"https:\/\/roma.education\/claudia-craiu-public-affairs-director\/"},"modified":"2025-05-19T13:21:01","modified_gmt":"2025-05-19T13:21:01","slug":"claudia-craiu-public-affairs-director","status":"publish","type":"post","link":"https:\/\/roma.education\/sk\/claudia-craiu-public-affairs-director\/","title":{"rendered":"Claudia CRAIU riadite\u013eka pre styk s verejnos\u0165ou"},"content":{"rendered":"\n<figure class=\"wp-block-image size-large is-resized\"><img loading=\"lazy\" decoding=\"async\" width=\"859\" height=\"1024\" src=\"https:\/\/roma.education\/wp-content\/uploads\/2024\/11\/Craiu-Claudia-_POZA--859x1024.jpg\" alt=\"\" class=\"wp-image-9349\" style=\"width:447px;height:auto\" srcset=\"https:\/\/roma.education\/wp-content\/uploads\/2024\/11\/Craiu-Claudia-_POZA--859x1024.jpg 859w, https:\/\/roma.education\/wp-content\/uploads\/2024\/11\/Craiu-Claudia-_POZA--252x300.jpg 252w, https:\/\/roma.education\/wp-content\/uploads\/2024\/11\/Craiu-Claudia-_POZA--768x915.jpg 768w, https:\/\/roma.education\/wp-content\/uploads\/2024\/11\/Craiu-Claudia-_POZA--1289x1536.jpg 1289w, https:\/\/roma.education\/wp-content\/uploads\/2024\/11\/Craiu-Claudia-_POZA--1719x2048.jpg 1719w\" sizes=\"auto, (max-width: 859px) 100vw, 859px\" \/><\/figure>\n\n<p>M\u00e1 bohat\u00e9 z\u00e1klady v oblasti \u017eurnalistiky a komunik\u00e1cie a spolupracovala s najprest\u00ed\u017enej\u0161\u00edmi svetov\u00fdmi medi\u00e1lnymi gigantmi vr\u00e1tane Deutsche Welle, Al Jazeera, Euronews a BBC. Jej kari\u00e9ra novin\u00e1rky na vo\u013enej nohe je pozna\u010den\u00e1 v\u00fdznamn\u00fdmi projektmi, ako je spolupr\u00e1ca s uzn\u00e1vanou americkou dokumentaristkou Lesley Chilcottovou na filme &#8220;CodeGirls&#8221; a so spolo\u010dnos\u0165ou Blenheim Films UK na dokumente &#8220;Trashed&#8221; s Jeremym Ironsom. <\/p>\n\n<p>Claudiina profesion\u00e1lna cesta zah\u0155\u0148a aj poz\u00edcie strategickej mana\u017e\u00e9rky v produk\u010dnej spolo\u010dnosti Task Force Media, pl\u00e1nova\u010dky podujat\u00ed v spolo\u010dnosti Centrade Cheil a \u0161pecialistky na komunik\u00e1ciu pre zdru\u017eenie Building Dreams a Euro Best Team.<\/p>\n","protected":false},"excerpt":{"rendered":"<p>M\u00e1 bohat\u00e9 z\u00e1klady v oblasti \u017eurnalistiky a komunik\u00e1cie a spolupracovala s najprest\u00ed\u017enej\u0161\u00edmi svetov\u00fdmi medi\u00e1lnymi gigantmi vr\u00e1tane Deutsche Welle, Al Jazeera, Euronews a BBC. Jej kari\u00e9ra novin\u00e1rky na vo\u013enej nohe je pozna\u010den\u00e1 v\u00fdznamn\u00fdmi projektmi, ako je spolupr\u00e1ca s uzn\u00e1vanou americkou dokumentaristkou Lesley Chilcottovou na filme &#8220;CodeGirls&#8221; a so spolo\u010dnos\u0165ou Blenheim Films UK na dokumente &#8220;Trashed&#8221; s <a class=\"read-more-link\" href=\"https:\/\/roma.education\/sk\/claudia-craiu-public-affairs-director\/\" title=\"Claudia CRAIU riadite\u013eka pre styk s verejnos\u0165ou\" rel=\"bookmark\" aria-label=\"[\u010c\u00edtaj viac]\">[\u010c\u00edtaj viac]<\/a><\/p>\n","protected":false},"author":9,"featured_media":9355,"comment_status":"closed","ping_status":"closed","sticky":false,"template":"","format":"standard","meta":{"_acf_changed":false,"footnotes":""},"categories":[562],"tags":[],"class_list":["post-18654","post","type-post","status-publish","format-standard","has-post-thumbnail","hentry","category-team"],"acf":[],"_links":{"self":[{"href":"https:\/\/roma.education\/sk\/wp-json\/wp\/v2\/posts\/18654","targetHints":{"allow":["GET"]}}],"collection":[{"href":"https:\/\/roma.education\/sk\/wp-json\/wp\/v2\/posts"}],"about":[{"href":"https:\/\/roma.education\/sk\/wp-json\/wp\/v2\/types\/post"}],"author":[{"embeddable":true,"href":"https:\/\/roma.education\/sk\/wp-json\/wp\/v2\/users\/9"}],"replies":[{"embeddable":true,"href":"https:\/\/roma.education\/sk\/wp-json\/wp\/v2\/comments?post=18654"}],"version-history":[{"count":1,"href":"https:\/\/roma.education\/sk\/wp-json\/wp\/v2\/posts\/18654\/revisions"}],"predecessor-version":[{"id":18657,"href":"https:\/\/roma.education\/sk\/wp-json\/wp\/v2\/posts\/18654\/revisions\/18657"}],"wp:featuredmedia":[{"embeddable":true,"href":"https:\/\/roma.education\/sk\/wp-json\/wp\/v2\/media\/9355"}],"wp:attachment":[{"href":"https:\/\/roma.education\/sk\/wp-json\/wp\/v2\/media?parent=18654"}],"wp:term":[{"taxonomy":"category","embeddable":true,"href":"https:\/\/roma.education\/sk\/wp-json\/wp\/v2\/categories?post=18654"},{"taxonomy":"post_tag","embeddable":true,"href":"https:\/\/roma.education\/sk\/wp-json\/wp\/v2\/tags?post=18654"}],"curies":[{"name":"wp","href":"https:\/\/api.w.org\/{rel}","templated":true}]}}