{"id":18695,"date":"2024-10-01T07:54:26","date_gmt":"2024-10-01T07:54:26","guid":{"rendered":"https:\/\/roma.education\/stanislav-daniel-director-of-ref-slovakia\/"},"modified":"2025-05-19T13:23:02","modified_gmt":"2025-05-19T13:23:02","slug":"stanislav-daniel-director-of-ref-slovakia","status":"publish","type":"post","link":"https:\/\/roma.education\/sk\/stanislav-daniel-director-of-ref-slovakia\/","title":{"rendered":"Stanislav DANIEL riadite\u013e REF Slovakia"},"content":{"rendered":"\n<figure class=\"wp-block-image size-large is-resized\"><img loading=\"lazy\" decoding=\"async\" width=\"988\" height=\"1024\" src=\"https:\/\/roma.education\/wp-content\/uploads\/2024\/11\/Stansilav-Daniel-988x1024.jpg\" alt=\"\" class=\"wp-image-9336\" style=\"width:384px;height:auto\" srcset=\"https:\/\/roma.education\/wp-content\/uploads\/2024\/11\/Stansilav-Daniel-988x1024.jpg 988w, https:\/\/roma.education\/wp-content\/uploads\/2024\/11\/Stansilav-Daniel-289x300.jpg 289w, https:\/\/roma.education\/wp-content\/uploads\/2024\/11\/Stansilav-Daniel-768x796.jpg 768w, https:\/\/roma.education\/wp-content\/uploads\/2024\/11\/Stansilav-Daniel-1482x1536.jpg 1482w, https:\/\/roma.education\/wp-content\/uploads\/2024\/11\/Stansilav-Daniel-1975x2048.jpg 1975w\" sizes=\"auto, (max-width: 988px) 100vw, 988px\" \/><\/figure>\n\n<p>Stano je aktivista, obhajca pr\u00e1v R\u00f3mov, v\u00fdskumn\u00edk a \u0161kolite\u013e zo Slovenska. Ke\u010f\u017ee je s\u00e1m \u010dlenom tejto komunity, jeho vedomosti sp\u00e1jaj\u00fa priamu sk\u00fasenos\u0165 s teoretick\u00fdmi poznatkami, ktor\u00e9 z\u00edskal prostredn\u00edctvom form\u00e1lneho aj neform\u00e1lneho vzdel\u00e1vania. V s\u00fa\u010dasnosti pracuje ako extern\u00fd spolupracovn\u00edk pre viacer\u00e9 organiz\u00e1cie vr\u00e1tane vl\u00e1dy. Medzi jeho predch\u00e1dzaj\u00face pracovn\u00e9 sk\u00fasenosti patr\u00ed R\u00f3msky vzdel\u00e1vac\u00ed fond, \u00darad pre demokratick\u00e9 in\u0161tit\u00facie a \u013eudsk\u00e9 pr\u00e1va pri OBSE, Eur\u00f3pske centrum pre pr\u00e1va R\u00f3mov a mnoh\u00e9 \u010fal\u0161ie. Jeho v\u00fdskumn\u00e1 \u010dinnos\u0165 sa zameriava predov\u0161etk\u00fdm na vzdel\u00e1vanie, ale zah\u0155\u0148a aj b\u00fdvanie, reakciu \u0161t\u00e1tu na rasovo motivovan\u00e9 n\u00e1silie a slobodu pohybu.      <\/p>\n","protected":false},"excerpt":{"rendered":"<p>Stano je aktivista, obhajca pr\u00e1v R\u00f3mov, v\u00fdskumn\u00edk a \u0161kolite\u013e zo Slovenska. Ke\u010f\u017ee je s\u00e1m \u010dlenom tejto komunity, jeho vedomosti sp\u00e1jaj\u00fa priamu sk\u00fasenos\u0165 s teoretick\u00fdmi poznatkami, ktor\u00e9 z\u00edskal prostredn\u00edctvom form\u00e1lneho aj neform\u00e1lneho vzdel\u00e1vania. V s\u00fa\u010dasnosti pracuje ako extern\u00fd spolupracovn\u00edk pre viacer\u00e9 organiz\u00e1cie vr\u00e1tane vl\u00e1dy. Medzi jeho predch\u00e1dzaj\u00face pracovn\u00e9 sk\u00fasenosti patr\u00ed R\u00f3msky vzdel\u00e1vac\u00ed fond, \u00darad pre demokratick\u00e9 <a class=\"read-more-link\" href=\"https:\/\/roma.education\/sk\/stanislav-daniel-director-of-ref-slovakia\/\" title=\"Stanislav DANIEL riadite\u013e REF Slovakia\" rel=\"bookmark\" aria-label=\"[\u010c\u00edtaj viac]\">[\u010c\u00edtaj viac]<\/a><\/p>\n","protected":false},"author":9,"featured_media":9342,"comment_status":"closed","ping_status":"closed","sticky":false,"template":"","format":"standard","meta":{"_acf_changed":false,"footnotes":""},"categories":[562],"tags":[],"class_list":["post-18695","post","type-post","status-publish","format-standard","has-post-thumbnail","hentry","category-team"],"acf":[],"_links":{"self":[{"href":"https:\/\/roma.education\/sk\/wp-json\/wp\/v2\/posts\/18695","targetHints":{"allow":["GET"]}}],"collection":[{"href":"https:\/\/roma.education\/sk\/wp-json\/wp\/v2\/posts"}],"about":[{"href":"https:\/\/roma.education\/sk\/wp-json\/wp\/v2\/types\/post"}],"author":[{"embeddable":true,"href":"https:\/\/roma.education\/sk\/wp-json\/wp\/v2\/users\/9"}],"replies":[{"embeddable":true,"href":"https:\/\/roma.education\/sk\/wp-json\/wp\/v2\/comments?post=18695"}],"version-history":[{"count":1,"href":"https:\/\/roma.education\/sk\/wp-json\/wp\/v2\/posts\/18695\/revisions"}],"predecessor-version":[{"id":18700,"href":"https:\/\/roma.education\/sk\/wp-json\/wp\/v2\/posts\/18695\/revisions\/18700"}],"wp:featuredmedia":[{"embeddable":true,"href":"https:\/\/roma.education\/sk\/wp-json\/wp\/v2\/media\/9342"}],"wp:attachment":[{"href":"https:\/\/roma.education\/sk\/wp-json\/wp\/v2\/media?parent=18695"}],"wp:term":[{"taxonomy":"category","embeddable":true,"href":"https:\/\/roma.education\/sk\/wp-json\/wp\/v2\/categories?post=18695"},{"taxonomy":"post_tag","embeddable":true,"href":"https:\/\/roma.education\/sk\/wp-json\/wp\/v2\/tags?post=18695"}],"curies":[{"name":"wp","href":"https:\/\/api.w.org\/{rel}","templated":true}]}}