{"id":8896,"date":"2024-01-29T14:25:15","date_gmt":"2024-01-29T14:25:15","guid":{"rendered":"https:\/\/roma.education\/teach-for-romania-a-ref-spustili-registraciu-na-ucast-na-zaverecnom-podujati-segregacia-na-minus-rozmanitost-na-plus\/"},"modified":"2024-02-17T21:24:37","modified_gmt":"2024-02-17T21:24:37","slug":"teach-for-romania-a-ref-spustili-registraciu-na-ucast-na-zaverecnom-podujati-segregacia-na-minus-rozmanitost-na-plus","status":"publish","type":"post","link":"https:\/\/roma.education\/sk\/teach-for-romania-a-ref-spustili-registraciu-na-ucast-na-zaverecnom-podujati-segregacia-na-minus-rozmanitost-na-plus\/","title":{"rendered":"Teach for Romania a REF spustili registr\u00e1ciu na \u00fa\u010das\u0165 na z\u00e1vere\u010dnom podujat\u00ed &#8220;Segreg\u00e1cia na m\u00ednus, rozmanitos\u0165 na plus&#8221;"},"content":{"rendered":"\n<p class=\"has-text-align-right\">TLA\u010cOV\u00c1 SPR\u00c1VA<\/p>\n\n<p><em>V\u0161etky \u013eudsk\u00e9 bytosti sa rodia slobodn\u00e9 a rovn\u00e9 v d\u00f4stojnosti a pr\u00e1vach. Prispievajme k svetu, v ktorom je to realita. Pridajte sa k n\u00e1m na podujat\u00ed a zistite, ako to m\u00f4\u017eeme urobi\u0165 spolo\u010dne.<\/em><\/p>\n\n<p>Teach for Romania spolu s R\u00f3mskym vzdel\u00e1vac\u00edm fondom vyhl\u00e1sili v\u00fdzvu na predkladanie \u017eiadost\u00ed, aby dali ka\u017ed\u00e9mu mo\u017enos\u0165 z\u00fa\u010dastni\u0165 sa na z\u00e1vere\u010dnom podujat\u00ed projektu &#8220;Segreg\u00e1cia na m\u00ednus, rozmanitos\u0165 na plus&#8221;.<\/p>\n\n<p>Podujatie sa uskuto\u010dn\u00ed 12. febru\u00e1ra 2024 a bude sa zaobera\u0165 t\u00e9mami segreg\u00e1cie a inkl\u00fazie, zni\u017eovania a prevencie, prich\u00e1dza s n\u00e1vrhom na \u0161kolenie Teach for Romania a Roma Education Fund &#8211; program uznan\u00fd a schv\u00e1len\u00fd Ministerstvom n\u00e1rodn\u00e9ho \u0161kolstva s 18-20 odborn\u00fdmi kreditmi ( oblas\u0165 \u0161kolskej inkl\u00fazie a segreg\u00e1cie), s odpor\u00fa\u010daniami pre vzdel\u00e1vacie a komunitn\u00e9 aktivity zapojen\u00edm pr\u00edslu\u0161n\u00fdch akt\u00e9rov s cie\u013eom identifikova\u0165, zni\u017eova\u0165 a riadi\u0165 segreg\u00e1ciu alebo s aktivitami s medzikult\u00farnym prvkom.<\/p>\n\n<p>Podujatie prin\u00e1\u0161a praktick\u00e9 a interakt\u00edvne workshopy, nadv\u00e4zovanie kontaktov, oslavy, konzult\u00e1cie o desegreg\u00e1cii, in\u0161pirat\u00edvne pr\u00edbehy odborn\u00edkov a host\u00ed, zdrojov\u00e9 materi\u00e1ly a jeho cie\u013eom je spoji\u0165 80 odborn\u00edkov s vplyvom na vzdel\u00e1vanie a \u013eudsk\u00e9 pr\u00e1va (vzdel\u00e1vacie jednotky, mimovl\u00e1dne organiz\u00e1cie, \u0161kolitelia, medi\u00e1tori, \u0161kolsk\u00ed poradcovia, finan\u010dn\u00edci, z\u00e1stupcovia pr\u00edslu\u0161n\u00fdch verejn\u00fdch in\u0161tit\u00faci\u00ed &#8211; ministerstvo \u0161kolstva, \u0161kolsk\u00e9 in\u0161pektor\u00e1ty at\u010f.), \u0161tudentov a mlad\u00fdch \u013eud\u00ed.<\/p>\n\n<p>Teach for Romania a R\u00f3msky vzdel\u00e1vac\u00ed fond si tak pripom\u00ednaj\u00fa 3 roky pr\u00e1ce v medzietnick\u00fdch, zranite\u013en\u00fdch komunit\u00e1ch, kde spolo\u010dne na\u0161li rie\u0161enia a podporu pri rie\u0161en\u00ed fenom\u00e9nu \u0161kolskej segreg\u00e1cie prostredn\u00edctvom projektu &#8220;Segreg\u00e1cia na m\u00ednus, rozmanitos\u0165 na plus&#8221;, ktor\u00fd realizuje Teach for Romania v spolupr\u00e1ci s R\u00f3mskym vzdel\u00e1vac\u00edm fondom s finan\u010dnou podporou Active Citizens Fund &#8211; Romania, programu financovan\u00e9ho Islandom, Lichten\u0161tajnskom a N\u00f3rskom prostredn\u00edctvom Grantov EHP 2014 &#8211; 2021.<\/p>\n\n<p>D\u00e1tum podujatia: febru\u00e1r 2024<\/p>\n\n<p>Umiestnenie: Bukure\u0161\u0165 (miesto konania bude ozn\u00e1men\u00e9 nesk\u00f4r)<\/p>\n\n<p>\u010casov\u00fd interval: 09.30 &#8211; 18.00 (program bude zaslan\u00fd potvrden\u00fdm z\u00e1ujemcom)<\/p>\n\n<p>Na \u00fa\u010das\u0165 je potrebn\u00e1 predbe\u017en\u00e1 registr\u00e1cia tu: <a href=\"http:\/\/tinyurl.com\/4d2cjuhv\">http:\/\/tinyurl.com\/4d2cjuhv<\/a><\/p>\n\n<p>Term\u00edn predbe\u017enej registr\u00e1cie: Febru\u00e1r 2 vr\u00e1tane<\/p>\n\n<p>Potvrdenie registr\u00e1cie e-mailom: febru\u00e1ra (najnesk\u00f4r)<\/p>\n\n<p><em>Osved\u010denie sa vyd\u00e1va pre pedagogick\u00fdch pracovn\u00edkov, ktor\u00ed ho bud\u00fa potrebova\u0165 na \u00fa\u010das\u0165 na vyu\u010dovan\u00ed, ako aj na \u00fa\u010das\u0165 na \u0148om.<\/em><\/p>\n\n<p>Spolo\u010dne pracujeme pre inkluz\u00edvnu Eur\u00f3pu.<\/p>\n\n<p><a href=\"https:\/\/faradiscriminare.ro\/\">https:\/\/faradiscriminare.ro\/<\/a><\/p>\n\n<p>Partnerstvo <strong>Teach for Romania<\/strong> a <strong>R\u00f3mskeho vzdel\u00e1vacieho fondu<\/strong> v tomto \u00fasil\u00ed sa odpor\u00fa\u010da na z\u00e1klade sk\u00fasenost\u00ed v zranite\u013en\u00fdch, multietnick\u00fdch vidieckych komunit\u00e1ch, realiz\u00e1cie vzdel\u00e1vac\u00edch programov zalo\u017een\u00fdch na hodnot\u00e1ch a neform\u00e1lnych a komunitn\u00fdch aktivit\u00e1ch, ktor\u00e9 vych\u00e1dzaj\u00fa zo skuto\u010dn\u00fdch potrieb pr\u00edjemcov. R\u00f3msky vzdel\u00e1vac\u00ed fond prin\u00e1\u0161a relevantn\u00e9 a \u0161trukt\u00farovan\u00e9 sk\u00fasenosti v oblasti verejn\u00fdch vzdel\u00e1vac\u00edch polit\u00edk a bol tie\u017e zapojen\u00fd do n\u00e1rodnej pracovnej skupiny pre vypracovanie metodiky boja proti segreg\u00e1cii. Projekt pokra\u010duje v spolo\u010dnom \u00fasil\u00ed o zabezpe\u010denie pr\u00e1va na kvalitn\u00e9 vzdel\u00e1vanie.<\/p>\n","protected":false},"excerpt":{"rendered":"<p>TLA\u010cOV\u00c1 SPR\u00c1VA V\u0161etky \u013eudsk\u00e9 bytosti sa rodia slobodn\u00e9 a rovn\u00e9 v d\u00f4stojnosti a pr\u00e1vach. Prispievajme k svetu, v ktorom je to realita. Pridajte sa k n\u00e1m na podujat\u00ed a zistite, ako to m\u00f4\u017eeme urobi\u0165 spolo\u010dne. Teach for Romania spolu s R\u00f3mskym vzdel\u00e1vac\u00edm fondom vyhl\u00e1sili v\u00fdzvu na predkladanie \u017eiadost\u00ed, aby dali ka\u017ed\u00e9mu mo\u017enos\u0165 z\u00fa\u010dastni\u0165 sa na <a class=\"read-more-link\" href=\"https:\/\/roma.education\/sk\/teach-for-romania-a-ref-spustili-registraciu-na-ucast-na-zaverecnom-podujati-segregacia-na-minus-rozmanitost-na-plus\/\" title=\"Teach for Romania a REF spustili registr\u00e1ciu na \u00fa\u010das\u0165 na z\u00e1vere\u010dnom podujat\u00ed &#8220;Segreg\u00e1cia na m\u00ednus, rozmanitos\u0165 na plus&#8221;\" rel=\"bookmark\" aria-label=\"[\u010c\u00edtaj viac]\">[\u010c\u00edtaj viac]<\/a><\/p>\n","protected":false},"author":3,"featured_media":8897,"comment_status":"closed","ping_status":"closed","sticky":false,"template":"","format":"standard","meta":{"_acf_changed":false,"footnotes":""},"categories":[564,565],"tags":[],"class_list":["post-8896","post","type-post","status-publish","format-standard","has-post-thumbnail","hentry","category-our-events","category-press-releases"],"acf":[],"_links":{"self":[{"href":"https:\/\/roma.education\/sk\/wp-json\/wp\/v2\/posts\/8896","targetHints":{"allow":["GET"]}}],"collection":[{"href":"https:\/\/roma.education\/sk\/wp-json\/wp\/v2\/posts"}],"about":[{"href":"https:\/\/roma.education\/sk\/wp-json\/wp\/v2\/types\/post"}],"author":[{"embeddable":true,"href":"https:\/\/roma.education\/sk\/wp-json\/wp\/v2\/users\/3"}],"replies":[{"embeddable":true,"href":"https:\/\/roma.education\/sk\/wp-json\/wp\/v2\/comments?post=8896"}],"version-history":[{"count":1,"href":"https:\/\/roma.education\/sk\/wp-json\/wp\/v2\/posts\/8896\/revisions"}],"predecessor-version":[{"id":8898,"href":"https:\/\/roma.education\/sk\/wp-json\/wp\/v2\/posts\/8896\/revisions\/8898"}],"wp:featuredmedia":[{"embeddable":true,"href":"https:\/\/roma.education\/sk\/wp-json\/wp\/v2\/media\/8897"}],"wp:attachment":[{"href":"https:\/\/roma.education\/sk\/wp-json\/wp\/v2\/media?parent=8896"}],"wp:term":[{"taxonomy":"category","embeddable":true,"href":"https:\/\/roma.education\/sk\/wp-json\/wp\/v2\/categories?post=8896"},{"taxonomy":"post_tag","embeddable":true,"href":"https:\/\/roma.education\/sk\/wp-json\/wp\/v2\/tags?post=8896"}],"curies":[{"name":"wp","href":"https:\/\/api.w.org\/{rel}","templated":true}]}}